{"id":799,"date":"2020-04-17T13:46:12","date_gmt":"2020-04-17T11:46:12","guid":{"rendered":"http:\/\/gunnesfelag.nu\/?p=799"},"modified":"2020-04-17T13:46:12","modified_gmt":"2020-04-17T11:46:12","slug":"vem-ar-vem-del-1","status":"publish","type":"post","link":"http:\/\/gunnesfelag.nu\/?p=799","title":{"rendered":"Vem \u00e4r vem? Del 1."},"content":{"rendered":"\n<p> B\u00e5de n\u00e4r vi tr\u00e4ffas p\u00e5 Gunnes g\u00e5rd och i den digitala v\u00e4rlden kan det ibland vara sv\u00e5rt att veta vem som \u00e4r vem. Det t\u00e4nkte vi r\u00e5da bot p\u00e5 nu!  S\u00e5h\u00e4r en dryg m\u00e5nad efter \u00e5rsm\u00f6tet kommer h\u00e4r en liten serie d\u00e4r vi presenterar medlemmar i felaget. Vi b\u00f6rjar med styrelsen, och den h\u00e4r g\u00e5ngen handlar det om v\u00e5r ordf\u00f6rande: <br><br><\/p>\n\n\n\n<figure class=\"wp-block-image size-large is-resized\"><img loading=\"lazy\" decoding=\"async\" src=\"http:\/\/gunnesfelag.nu\/wp-content\/uploads\/2020\/04\/IMG_20190929_161121-570x760.jpg\" alt=\"\" class=\"wp-image-800\" width=\"379\" height=\"505\" srcset=\"http:\/\/gunnesfelag.nu\/wp-content\/uploads\/2020\/04\/IMG_20190929_161121-570x760.jpg 570w, http:\/\/gunnesfelag.nu\/wp-content\/uploads\/2020\/04\/IMG_20190929_161121-450x600.jpg 450w, http:\/\/gunnesfelag.nu\/wp-content\/uploads\/2020\/04\/IMG_20190929_161121-768x1024.jpg 768w, http:\/\/gunnesfelag.nu\/wp-content\/uploads\/2020\/04\/IMG_20190929_161121-1152x1536.jpg 1152w, http:\/\/gunnesfelag.nu\/wp-content\/uploads\/2020\/04\/IMG_20190929_161121-1536x2048.jpg 1536w, http:\/\/gunnesfelag.nu\/wp-content\/uploads\/2020\/04\/IMG_20190929_161121-676x901.jpg 676w, http:\/\/gunnesfelag.nu\/wp-content\/uploads\/2020\/04\/IMG_20190929_161121-scaled.jpg 1920w\" sizes=\"auto, (max-width: 379px) 100vw, 379px\" \/><figcaption>Anno, vid Gamla Uppsala h\u00f6gar.<\/figcaption><\/figure>\n\n\n\n<ol class=\"wp-block-list\"><li><strong>Vad heter du?<\/strong><br> Anno, fast det st\u00e5r visst Anna-Maria p\u00e5 k\u00f6rkortet.\u00a0 <br><\/li><li><strong>Vilken roll har du i felaget?<\/strong>\u00a0 <br> Sedan \u00e5rsm\u00f6tet 2020 \u00e4r jag ordf\u00f6rande f\u00f6r Felaget. Jag \u00e4r \u00e4ven skribent h\u00e4r p\u00e5 bloggen och p\u00e5 v\u00e5rt instagram-konto. <br><\/li><li><strong>Hur l\u00e4nge har du varit med i Felaget?<\/strong><br> Jag har varit aktiv i 3 \u00e5r, men jag tror att jag var medlem i drygt ett halv\u00e5r innan jag lyckades komma iv\u00e4g p\u00e5 min f\u00f6rsta tr\u00e4ff. <br><\/li><li><strong>Vad gjorde ni p\u00e5 f\u00f6rsta tr\u00e4ffen du var med p\u00e5?<\/strong><br> Det var s\u00e4songspremi\u00e4ren p\u00e5 g\u00e5rden, 2017.  Jag har tv\u00e5 starka minnen som jag inte minns vilket som var f\u00f6rst. <br> Antingen f\u00e4rgade vi garn. Det var riktigt aprilv\u00e4der med b\u00e5de sol, storm och hagel men ett glatt g\u00e4ng drog upp sjalarna \u00f6ver huvudet och svepte in sig f\u00f6r att kunna sitta kvar vid elden. <br> Eller s\u00e5 br\u00e4nde vi lera nere vid den andra eldstaden. Solen sken och folk sprang barfota i det \u00e4nd\u00e5 ganska kalla gr\u00e4set. Hur som helst stormtrivdes jag och har varit fast sedan dess. <br><\/li><li><strong>Om du fick v\u00e4lja ETT vikingatida hantverk, vad skulle det vara?<\/strong><br> Jag \u00e4lskar ju de allra flesta hantverk, men skulle jag v\u00e4lja ett s\u00e5 blir det s\u00f6mnad. Om jag f\u00e5r sy kan jag g\u00f6ra kl\u00e4der, och dekorera dem. Man kan sy skor och v\u00e4skor och t\u00e4lt. Jag kan sy p\u00e5 bussen till jobbet, och var jag \u00e4n r\u00e5kar f\u00e5 en stund \u00f6ver.  <br><\/li><li><strong>Vad \u00e4r det b\u00e4sta med felaget?<\/strong> <br> Det b\u00e4sta med felaget \u00e4r medlemmarna! Utan aktiva medlemmar skulle det inte finnas n\u00e5gra felagstr\u00e4ffar och inte n\u00e5got felag. \u00a0Det \u00e4r vi medlemmar som hittar p\u00e5 vad vi vill g\u00f6ra p\u00e5 tr\u00e4ffarna och fyller f\u00f6reningen med hantverk, gl\u00e4dje och v\u00e4nskap. Jag har f\u00e5tt oroligt goda v\u00e4nner i felaget. <br><\/li><li> <strong>Om du skulle ansvara f\u00f6r en hantverkstr\u00e4ff, vad skulle det bli?<\/strong> <br> Eftersom jag \u00e4lskar att brodera s\u00e5 ligger en tr\u00e4ff med vikingatida broderier n\u00e4ra. Man inte beh\u00f6ver vara expert bara f\u00f6r att man ansvarar f\u00f6r en tr\u00e4ff, och skulle jag \u00f6nska speciella tr\u00e4ffar s\u00e5 skulle jag \u00f6nska en tr\u00e4ff om Gunne g\u00e5rd och dess historia, och en med F\u00f6rsta Hj\u00e4lpen. (Olyckor kan vara framme n\u00e4r man minst anar det, b\u00e5de p\u00e5 felagstr\u00e4ffar och p\u00e5 marknaden.)<br><\/li><li><strong>N\u00e5got du \u00e4r speciellt stolt \u00f6ver?<\/strong><br>Ja, jag \u00e4r ohemult stolt \u00f6ver felagets nya logga som jag tog fram f\u00f6rra \u00e5ret inf\u00f6r v\u00e5rt 15-\u00e5rsjubileum. <br><br> <img loading=\"lazy\" decoding=\"async\" width=\"300\" height=\"400\" class=\"wp-image-672\" style=\"width: 300px;\" src=\"http:\/\/gunnesfelag.nu\/wp-content\/uploads\/2019\/09\/IMG_20190905_150316.jpg\" alt=\"\" srcset=\"http:\/\/gunnesfelag.nu\/wp-content\/uploads\/2019\/09\/IMG_20190905_150316.jpg 2824w, http:\/\/gunnesfelag.nu\/wp-content\/uploads\/2019\/09\/IMG_20190905_150316-450x600.jpg 450w, http:\/\/gunnesfelag.nu\/wp-content\/uploads\/2019\/09\/IMG_20190905_150316-768x1024.jpg 768w, http:\/\/gunnesfelag.nu\/wp-content\/uploads\/2019\/09\/IMG_20190905_150316-570x760.jpg 570w, http:\/\/gunnesfelag.nu\/wp-content\/uploads\/2019\/09\/IMG_20190905_150316-676x901.jpg 676w\" sizes=\"auto, (max-width: 300px) 100vw, 300px\" \/><br><\/li><li> <strong>Och s\u00e5 vill jag passa p\u00e5 att <\/strong>p\u00e5minna om att tv\u00e4tta h\u00e4nderna, h\u00e5lla avst\u00e5nd och lyssna till FHMs rekommendationer. Jag hoppas innerligt att alla m\u00e5r bra d\u00e4rute och att vi kan ses snart igen. \u00a0 <\/li><\/ol>\n\n\n\n<figure class=\"wp-block-image size-large is-resized\"><img loading=\"lazy\" decoding=\"async\" src=\"http:\/\/gunnesfelag.nu\/wp-content\/uploads\/2020\/03\/rcIMG_20190929_161132-1013x760.jpg\" alt=\"Anno, v\u00e5r nya ordf\u00f6rande\" class=\"wp-image-758\" width=\"332\" height=\"249\" srcset=\"http:\/\/gunnesfelag.nu\/wp-content\/uploads\/2020\/03\/rcIMG_20190929_161132-1013x760.jpg 1013w, http:\/\/gunnesfelag.nu\/wp-content\/uploads\/2020\/03\/rcIMG_20190929_161132-800x600.jpg 800w, http:\/\/gunnesfelag.nu\/wp-content\/uploads\/2020\/03\/rcIMG_20190929_161132-768x576.jpg 768w, http:\/\/gunnesfelag.nu\/wp-content\/uploads\/2020\/03\/rcIMG_20190929_161132-676x507.jpg 676w, http:\/\/gunnesfelag.nu\/wp-content\/uploads\/2020\/03\/rcIMG_20190929_161132.jpg 1596w\" sizes=\"auto, (max-width: 332px) 100vw, 332px\" \/><figcaption>Anno<\/figcaption><\/figure>\n","protected":false},"excerpt":{"rendered":"<p>B\u00e5de n\u00e4r vi tr\u00e4ffas p\u00e5 Gunnes g\u00e5rd och i den digitala v\u00e4rlden kan det ibland vara sv\u00e5rt att veta vem som \u00e4r vem. Det t\u00e4nkte vi r\u00e5da bot p\u00e5 nu! S\u00e5h\u00e4r en dryg m\u00e5nad efter \u00e5rsm\u00f6tet kommer h\u00e4r en liten serie d\u00e4r vi presenterar medlemmar i felaget. Vi b\u00f6rjar med styrelsen, och den h\u00e4r g\u00e5ngen [&hellip;]<\/p>\n","protected":false},"author":1,"featured_media":0,"comment_status":"closed","ping_status":"closed","sticky":false,"template":"","format":"standard","meta":{"footnotes":""},"categories":[10],"tags":[],"class_list":["post-799","post","type-post","status-publish","format-standard","hentry","category-felaget","post-preview"],"_links":{"self":[{"href":"http:\/\/gunnesfelag.nu\/index.php?rest_route=\/wp\/v2\/posts\/799","targetHints":{"allow":["GET"]}}],"collection":[{"href":"http:\/\/gunnesfelag.nu\/index.php?rest_route=\/wp\/v2\/posts"}],"about":[{"href":"http:\/\/gunnesfelag.nu\/index.php?rest_route=\/wp\/v2\/types\/post"}],"author":[{"embeddable":true,"href":"http:\/\/gunnesfelag.nu\/index.php?rest_route=\/wp\/v2\/users\/1"}],"replies":[{"embeddable":true,"href":"http:\/\/gunnesfelag.nu\/index.php?rest_route=%2Fwp%2Fv2%2Fcomments&post=799"}],"version-history":[{"count":3,"href":"http:\/\/gunnesfelag.nu\/index.php?rest_route=\/wp\/v2\/posts\/799\/revisions"}],"predecessor-version":[{"id":804,"href":"http:\/\/gunnesfelag.nu\/index.php?rest_route=\/wp\/v2\/posts\/799\/revisions\/804"}],"wp:attachment":[{"href":"http:\/\/gunnesfelag.nu\/index.php?rest_route=%2Fwp%2Fv2%2Fmedia&parent=799"}],"wp:term":[{"taxonomy":"category","embeddable":true,"href":"http:\/\/gunnesfelag.nu\/index.php?rest_route=%2Fwp%2Fv2%2Fcategories&post=799"},{"taxonomy":"post_tag","embeddable":true,"href":"http:\/\/gunnesfelag.nu\/index.php?rest_route=%2Fwp%2Fv2%2Ftags&post=799"}],"curies":[{"name":"wp","href":"https:\/\/api.w.org\/{rel}","templated":true}]}}