{"id":929,"date":"2021-08-31T23:18:46","date_gmt":"2021-08-31T21:18:46","guid":{"rendered":"http:\/\/gunnesfelag.nu\/?p=929"},"modified":"2021-08-31T23:22:22","modified_gmt":"2021-08-31T21:22:22","slug":"vikingatida-hostmarknad","status":"publish","type":"post","link":"http:\/\/gunnesfelag.nu\/?p=929","title":{"rendered":"Vikingatida h\u00f6stmarknad"},"content":{"rendered":"<p>Gunnes g\u00e5rds h\u00f6stmarknad genomf\u00f6rs den 4-5 september!<\/p>\n<p>\u00d6ppettider:<br \/>L\u00f6rdag 11-17<br \/>S\u00f6ndag 11-16<\/p>\n<p>\u00c5rets f\u00f6rs\u00e4ljare:<\/p>\n\n\n<ul class=\"wp-block-list\"><li>Handcrafted History &#8211; Dr\u00e4kttillbeh\u00f6r och redskap f\u00f6r textilhantverk<\/li><li>Pinglan Vargtass &#8211; V\u00e4xtf\u00e4rgat garn<\/li><li>MyHoney &#8211; Smycken, glasp\u00e4rlor, vikingahantverk<\/li><li>Krokens sadelmakeri &#8211; L\u00e4dervaror<\/li><li>Evendim Hantverk &#8211; Brickv\u00e4vda band<\/li><li>\u00c5sa Design Historical Handcraft &#8211; N\u00e5lbunda m\u00f6ssor<\/li><li>Medeltidsmode &#8211; Tyger<\/li><li>Viljas v\u00e4vh\u00f6rna &#8211; Brickv\u00e4vda band efter historiska f\u00f6rlagor<\/li><li>LinKlo &#8211; Vikingatida barnkl\u00e4der<\/li><li>The Beadmakers &#8211; Glasp\u00e4rlor<\/li><li>Unicorn Craft &#8211; Smycken och amuletter<\/li><li>Herlins Guldsmide &#8211; Handsmidda silversmycken<\/li><li>M\u00e5nvind krukmakeri &#8211; Keramik<\/li><li>Fagervikingarna &#8211; V\u00e4xtf\u00e4rgade garner och tyger, sm\u00e5tt hantverk<\/li><li>Gungnir &#8211; Silversmycken, keramik, knivar, skinn<\/li><li>The Historical fabric store &#8211; Tyger och sybeh\u00f6r<\/li><li>Asl\u00f6gs Hantverk &#8211; Handspunnet garn<\/li><li>Ingvara &#8211; N\u00e5lbundet, v\u00e4skarprylar och vikingatida handelsvara<\/li><li>L\u00e1szl\u00f3s L\u00e4der &#8211; L\u00e4der och skinnvaror<\/li><li>Bjarka Craft of Nature &#8211; Handgjorda tv\u00e5lar med mera<\/li><\/ul>\n\n\n\n<p>Det kommer \u00e4ven finnas f\u00f6rs\u00e4ljning av svepaskar och n\u00e4verdosor, honung, bivax, smide, stekt str\u00f6mming med mera.<\/p>\n\n\n\n<p>Uppvisning av historiskt hantverk och prova p\u00e5 b\u00e5gskytte och smide f\u00f6r barn. &nbsp;<\/p>\n","protected":false},"excerpt":{"rendered":"<p>Gunnes g\u00e5rds h\u00f6stmarknad genomf\u00f6rs den 4-5 september! \u00d6ppettider:L\u00f6rdag 11-17S\u00f6ndag 11-16 \u00c5rets f\u00f6rs\u00e4ljare: Handcrafted History &#8211; Dr\u00e4kttillbeh\u00f6r och redskap f\u00f6r textilhantverk Pinglan Vargtass &#8211; V\u00e4xtf\u00e4rgat garn MyHoney &#8211; Smycken, glasp\u00e4rlor, vikingahantverk Krokens sadelmakeri &#8211; L\u00e4dervaror Evendim Hantverk &#8211; Brickv\u00e4vda band \u00c5sa Design Historical Handcraft &#8211; N\u00e5lbunda m\u00f6ssor Medeltidsmode &#8211; Tyger Viljas v\u00e4vh\u00f6rna &#8211; Brickv\u00e4vda band efter [&hellip;]<\/p>\n","protected":false},"author":6,"featured_media":0,"comment_status":"closed","ping_status":"closed","sticky":false,"template":"","format":"standard","meta":{"footnotes":""},"categories":[10],"tags":[],"class_list":["post-929","post","type-post","status-publish","format-standard","hentry","category-felaget","post-preview"],"_links":{"self":[{"href":"http:\/\/gunnesfelag.nu\/index.php?rest_route=\/wp\/v2\/posts\/929","targetHints":{"allow":["GET"]}}],"collection":[{"href":"http:\/\/gunnesfelag.nu\/index.php?rest_route=\/wp\/v2\/posts"}],"about":[{"href":"http:\/\/gunnesfelag.nu\/index.php?rest_route=\/wp\/v2\/types\/post"}],"author":[{"embeddable":true,"href":"http:\/\/gunnesfelag.nu\/index.php?rest_route=\/wp\/v2\/users\/6"}],"replies":[{"embeddable":true,"href":"http:\/\/gunnesfelag.nu\/index.php?rest_route=%2Fwp%2Fv2%2Fcomments&post=929"}],"version-history":[{"count":4,"href":"http:\/\/gunnesfelag.nu\/index.php?rest_route=\/wp\/v2\/posts\/929\/revisions"}],"predecessor-version":[{"id":941,"href":"http:\/\/gunnesfelag.nu\/index.php?rest_route=\/wp\/v2\/posts\/929\/revisions\/941"}],"wp:attachment":[{"href":"http:\/\/gunnesfelag.nu\/index.php?rest_route=%2Fwp%2Fv2%2Fmedia&parent=929"}],"wp:term":[{"taxonomy":"category","embeddable":true,"href":"http:\/\/gunnesfelag.nu\/index.php?rest_route=%2Fwp%2Fv2%2Fcategories&post=929"},{"taxonomy":"post_tag","embeddable":true,"href":"http:\/\/gunnesfelag.nu\/index.php?rest_route=%2Fwp%2Fv2%2Ftags&post=929"}],"curies":[{"name":"wp","href":"https:\/\/api.w.org\/{rel}","templated":true}]}}